{"id":1772,"date":"2021-10-31T19:11:44","date_gmt":"2021-10-31T19:11:44","guid":{"rendered":"http:\/\/ifbarcelona.cat\/?p=1772"},"modified":"2021-11-02T17:03:56","modified_gmt":"2021-11-02T17:03:56","slug":"if2021","status":"publish","type":"post","link":"https:\/\/ifbarcelona.cat\/es\/if2021\/","title":{"rendered":"(CAT) COMEN\u00c7A IF BARCELONA 2021!"},"content":{"rendered":"<p class=\"qtranxs-available-languages-message qtranxs-available-languages-message-es\">Disculpa, pero esta entrada est\u00e1 disponible s\u00f3lo en <a href=\"https:\/\/ifbarcelona.cat\/ca\/wp-json\/wp\/v2\/posts\/1772\" class=\"qtranxs-available-language-link qtranxs-available-language-link-ca\" title=\"CAT\">CAT<\/a>.<\/p><p><b>Us donem la benvinguda a IF Barcelona 2021: Ombres, m\u00e0scares i\u00a0 fils<\/b><\/p>\n<p><a href=\"http:\/\/ifbarcelona.cat\/programacio\/edicio\/2021\/\"><span style=\"text-decoration: underline;\">Consulta la programaci\u00f3 completa aqu\u00ed<\/span><\/a><\/p>\n<p>L&#8217;edici\u00f3 d&#8217;IF Barcelona d&#8217;enguany se centra en els elements essencials i fonamentals del teatre des del seu origen: la m\u00e0scara, les ombres i els fils. La m\u00e0scara, de fet, es pot entendre com el \u201cgrau zero\u201d del titella i com l\u2019eina m\u00e9s efectiva del joc entre la dist\u00e0ncia i la catarsi.<\/p>\n<p>La m\u00e0scara, avui, ha deixat de ser una eina de representaci\u00f3? Quina \u00e9s la seva vig\u00e8ncia? L\u2019ombra \u00e9s una imatge obscura projectada per la intercessi\u00f3 d\u2019un cos opac. \u00c9s, tamb\u00e9, el regne de la foscor, la zona de penombra, all\u00f2 de l\u00edmits imprecisos, el doble inseparable. No \u00e9s, aquest i en definitiva, l\u2019espai de la representaci\u00f3 teatral?<\/p>\n<p>El fil permet guiar i animar les marionetes des de la dist\u00e0ncia, establint un vincle indissociable entre manipulador i la seva imatge. El fil \u00e9s, doncs, el medi en qu\u00e8 \u00e9s possible qualsevol experi\u00e8ncia de la dist\u00e0ncia, la corda dels fun\u00e0mbuls i la guia per sortir dels laberints.<\/p>\n<p>L&#8217;univers de llums i ombres d&#8217;Unterwasser, les trag\u00e8dies cl\u00e0ssiques de S\u00f2focles de la m\u00e0 de Bambalina Teatre, la m\u00e0gia infinita de la fulla en blanc o les possibilitats inusitades de la intersecci\u00f3 de la natura amb la t\u00e8cnica ens endinsaran en un m\u00f3n completament fascinant.<\/p>\n<p>&nbsp;<\/p>\n<p><img loading=\"lazy\" decoding=\"async\" class=\"alignnone size-medium wp-image-1773\" src=\"http:\/\/ifbarcelona.cat\/wp-content\/uploads\/2021\/10\/Festival-IF-Barcelona-2021-610x863.jpg\" alt=\"Cartell Festival IF Barcelona 2021\" width=\"610\" height=\"863\" \/><\/p>","protected":false},"excerpt":{"rendered":"<p>Disculpa, pero esta entrada est\u00e1 disponible s\u00f3lo en CAT.Us donem la benvinguda a IF Barcelona 2021: Ombres, m\u00e0scares i\u00a0 fils Consulta la programaci\u00f3 completa aqu\u00ed L&#8217;edici\u00f3 d&#8217;IF Barcelona d&#8217;enguany se centra en els elements essencials i fonamentals del teatre des del seu origen: la m\u00e0scara, les ombres i els fils. La m\u00e0scara, de fet, es [&hellip;]<\/p>\n","protected":false},"author":7,"featured_media":1773,"comment_status":"closed","ping_status":"closed","sticky":false,"template":"","format":"standard","meta":{"_acf_changed":false,"_themeisle_gutenberg_block_has_review":false,"footnotes":""},"categories":[1],"tags":[],"class_list":["post-1772","post","type-post","status-publish","format-standard","has-post-thumbnail","hentry","category-general"],"acf":[],"yoast_head":"<!-- This site is optimized with the Yoast SEO plugin v27.4 - https:\/\/yoast.com\/product\/yoast-seo-wordpress\/ -->\n<title>(CAT) COMEN\u00c7A IF BARCELONA 2021!  &#8211; IF Barcelona<\/title>\n<meta name=\"robots\" content=\"index, follow, max-snippet:-1, max-image-preview:large, max-video-preview:-1\" \/>\n<link rel=\"canonical\" href=\"https:\/\/ifbarcelona.cat\/es\/if2021\/\" \/>\n<meta property=\"og:locale\" content=\"es_ES\" \/>\n<meta property=\"og:type\" content=\"article\" \/>\n<meta property=\"og:title\" content=\"(CAT) COMEN\u00c7A IF BARCELONA 2021!  &#8211; IF Barcelona\" \/>\n<meta property=\"og:description\" content=\"Disculpa, pero esta entrada est\u00e1 disponible s\u00f3lo en CAT.Us donem la benvinguda a IF Barcelona 2021: Ombres, m\u00e0scares i\u00a0 fils Consulta la programaci\u00f3 completa aqu\u00ed L&#8217;edici\u00f3 d&#8217;IF Barcelona d&#8217;enguany se centra en els elements essencials i fonamentals del teatre des del seu origen: la m\u00e0scara, les ombres i els fils. La m\u00e0scara, de fet, es [&hellip;]\" \/>\n<meta property=\"og:url\" content=\"https:\/\/ifbarcelona.cat\/es\/if2021\/\" \/>\n<meta property=\"og:site_name\" content=\"IF Barcelona\" \/>\n<meta property=\"article:published_time\" content=\"2021-10-31T19:11:44+00:00\" \/>\n<meta property=\"article:modified_time\" content=\"2021-11-02T17:03:56+00:00\" \/>\n<meta property=\"og:image\" content=\"https:\/\/ifbarcelona.cat\/wp-content\/uploads\/2021\/10\/Festival-IF-Barcelona-2021-e1635707490143.jpg\" \/>\n\t<meta property=\"og:image:width\" content=\"800\" \/>\n\t<meta property=\"og:image:height\" content=\"1132\" \/>\n\t<meta property=\"og:image:type\" content=\"image\/jpeg\" \/>\n<meta name=\"author\" content=\"IF Barcelona\" \/>\n<meta name=\"twitter:card\" content=\"summary_large_image\" \/>\n<meta name=\"twitter:label1\" content=\"Escrito por\" \/>\n\t<meta name=\"twitter:data1\" content=\"IF Barcelona\" \/>\n\t<meta name=\"twitter:label2\" content=\"Tiempo de lectura\" \/>\n\t<meta name=\"twitter:data2\" content=\"1 minuto\" \/>\n<script type=\"application\/ld+json\" class=\"yoast-schema-graph\">{\"@context\":\"https:\\\/\\\/schema.org\",\"@graph\":[{\"@type\":\"Article\",\"@id\":\"https:\\\/\\\/ifbarcelona.cat\\\/if2021\\\/#article\",\"isPartOf\":{\"@id\":\"https:\\\/\\\/ifbarcelona.cat\\\/if2021\\\/\"},\"author\":{\"name\":\"IF Barcelona\",\"@id\":\"https:\\\/\\\/ifbarcelona.cat\\\/#\\\/schema\\\/person\\\/ef04bbbb3bafec3b19f903fcce2fd837\"},\"headline\":\"(CAT) COMEN\u00c7A IF BARCELONA 2021!\",\"datePublished\":\"2021-10-31T19:11:44+00:00\",\"dateModified\":\"2021-11-02T17:03:56+00:00\",\"mainEntityOfPage\":{\"@id\":\"https:\\\/\\\/ifbarcelona.cat\\\/if2021\\\/\"},\"wordCount\":246,\"image\":{\"@id\":\"https:\\\/\\\/ifbarcelona.cat\\\/if2021\\\/#primaryimage\"},\"thumbnailUrl\":\"https:\\\/\\\/ifbarcelona.cat\\\/wp-content\\\/uploads\\\/2021\\\/10\\\/Festival-IF-Barcelona-2021-e1635707490143.jpg\",\"articleSection\":[\"General\"],\"inLanguage\":\"es\"},{\"@type\":\"WebPage\",\"@id\":\"https:\\\/\\\/ifbarcelona.cat\\\/es\\\/if2021\\\/\",\"url\":\"https:\\\/\\\/ifbarcelona.cat\\\/es\\\/if2021\\\/\",\"name\":\"(CAT) COMEN\u00c7A IF BARCELONA 2021!  &#8211; IF Barcelona\",\"isPartOf\":{\"@id\":\"https:\\\/\\\/ifbarcelona.cat\\\/es\\\/#website\"},\"primaryImageOfPage\":{\"@id\":\"https:\\\/\\\/ifbarcelona.cat\\\/es\\\/if2021\\\/#primaryimage\"},\"image\":{\"@id\":\"https:\\\/\\\/ifbarcelona.cat\\\/if2021\\\/#primaryimage\"},\"thumbnailUrl\":\"https:\\\/\\\/ifbarcelona.cat\\\/wp-content\\\/uploads\\\/2021\\\/10\\\/Festival-IF-Barcelona-2021-e1635707490143.jpg\",\"datePublished\":\"2021-10-31T19:11:44+00:00\",\"dateModified\":\"2021-11-02T17:03:56+00:00\",\"author\":{\"@id\":\"https:\\\/\\\/ifbarcelona.cat\\\/#\\\/schema\\\/person\\\/ef04bbbb3bafec3b19f903fcce2fd837\"},\"breadcrumb\":{\"@id\":\"https:\\\/\\\/ifbarcelona.cat\\\/es\\\/if2021\\\/#breadcrumb\"},\"inLanguage\":\"es\",\"potentialAction\":[{\"@type\":\"ReadAction\",\"target\":[[\"https:\\\/\\\/ifbarcelona.cat\\\/es\\\/if2021\\\/\"]]}]},{\"@type\":\"ImageObject\",\"inLanguage\":\"es\",\"@id\":\"https:\\\/\\\/ifbarcelona.cat\\\/es\\\/if2021\\\/#primaryimage\",\"url\":\"https:\\\/\\\/ifbarcelona.cat\\\/wp-content\\\/uploads\\\/2021\\\/10\\\/Festival-IF-Barcelona-2021-e1635707490143.jpg\",\"contentUrl\":\"https:\\\/\\\/ifbarcelona.cat\\\/wp-content\\\/uploads\\\/2021\\\/10\\\/Festival-IF-Barcelona-2021-e1635707490143.jpg\",\"width\":800,\"height\":1132,\"caption\":\"Cartell Festival IF Barcelona 2021\"},{\"@type\":\"BreadcrumbList\",\"@id\":\"https:\\\/\\\/ifbarcelona.cat\\\/es\\\/if2021\\\/#breadcrumb\",\"itemListElement\":[{\"@type\":\"ListItem\",\"position\":1,\"name\":\"Inici\",\"item\":\"https:\\\/\\\/ifbarcelona.cat\\\/es\\\/\"},{\"@type\":\"ListItem\",\"position\":2,\"name\":\"COMEN\u00c7A IF BARCELONA 2021!\"}]},{\"@type\":\"WebSite\",\"@id\":\"https:\\\/\\\/ifbarcelona.cat\\\/es\\\/#website\",\"url\":\"https:\\\/\\\/ifbarcelona.cat\\\/es\\\/\",\"name\":\"IF Barcelona\",\"description\":\"La mirada o el plaer de mirar (dramat\u00f9rgies de la imatge)\",\"potentialAction\":[{\"@type\":\"SearchAction\",\"target\":{\"@type\":\"EntryPoint\",\"urlTemplate\":\"https:\\\/\\\/ifbarcelona.cat\\\/es\\\/?s={search_term_string}\"},\"query-input\":{\"@type\":\"PropertyValueSpecification\",\"valueRequired\":true,\"valueName\":\"search_term_string\"}}],\"inLanguage\":\"es\"},{\"@type\":\"Person\",\"@id\":\"https:\\\/\\\/ifbarcelona.cat\\\/#\\\/schema\\\/person\\\/ef04bbbb3bafec3b19f903fcce2fd837\",\"name\":\"IF Barcelona\",\"image\":{\"@type\":\"ImageObject\",\"inLanguage\":\"es\",\"@id\":\"https:\\\/\\\/secure.gravatar.com\\\/avatar\\\/aabcf4c8549f639ef9139e3d712ff7f27d272a1a9cbeb8e0587ac0925887e5b7?s=96&d=mm&r=g\",\"url\":\"https:\\\/\\\/secure.gravatar.com\\\/avatar\\\/aabcf4c8549f639ef9139e3d712ff7f27d272a1a9cbeb8e0587ac0925887e5b7?s=96&d=mm&r=g\",\"contentUrl\":\"https:\\\/\\\/secure.gravatar.com\\\/avatar\\\/aabcf4c8549f639ef9139e3d712ff7f27d272a1a9cbeb8e0587ac0925887e5b7?s=96&d=mm&r=g\",\"caption\":\"IF Barcelona\"}}]}<\/script>\n<!-- \/ Yoast SEO plugin. -->","yoast_head_json":{"title":"(CAT) COMEN\u00c7A IF BARCELONA 2021!  &#8211; IF Barcelona","robots":{"index":"index","follow":"follow","max-snippet":"max-snippet:-1","max-image-preview":"max-image-preview:large","max-video-preview":"max-video-preview:-1"},"canonical":"https:\/\/ifbarcelona.cat\/es\/if2021\/","og_locale":"es_ES","og_type":"article","og_title":"(CAT) COMEN\u00c7A IF BARCELONA 2021!  &#8211; IF Barcelona","og_description":"Disculpa, pero esta entrada est\u00e1 disponible s\u00f3lo en CAT.Us donem la benvinguda a IF Barcelona 2021: Ombres, m\u00e0scares i\u00a0 fils Consulta la programaci\u00f3 completa aqu\u00ed L&#8217;edici\u00f3 d&#8217;IF Barcelona d&#8217;enguany se centra en els elements essencials i fonamentals del teatre des del seu origen: la m\u00e0scara, les ombres i els fils. La m\u00e0scara, de fet, es [&hellip;]","og_url":"https:\/\/ifbarcelona.cat\/es\/if2021\/","og_site_name":"IF Barcelona","article_published_time":"2021-10-31T19:11:44+00:00","article_modified_time":"2021-11-02T17:03:56+00:00","og_image":[{"width":800,"height":1132,"url":"https:\/\/ifbarcelona.cat\/wp-content\/uploads\/2021\/10\/Festival-IF-Barcelona-2021-e1635707490143.jpg","type":"image\/jpeg"}],"author":"IF Barcelona","twitter_card":"summary_large_image","twitter_misc":{"Escrito por":"IF Barcelona","Tiempo de lectura":"1 minuto"},"schema":{"@context":"https:\/\/schema.org","@graph":[{"@type":"Article","@id":"https:\/\/ifbarcelona.cat\/if2021\/#article","isPartOf":{"@id":"https:\/\/ifbarcelona.cat\/if2021\/"},"author":{"name":"IF Barcelona","@id":"https:\/\/ifbarcelona.cat\/#\/schema\/person\/ef04bbbb3bafec3b19f903fcce2fd837"},"headline":"(CAT) COMEN\u00c7A IF BARCELONA 2021!","datePublished":"2021-10-31T19:11:44+00:00","dateModified":"2021-11-02T17:03:56+00:00","mainEntityOfPage":{"@id":"https:\/\/ifbarcelona.cat\/if2021\/"},"wordCount":246,"image":{"@id":"https:\/\/ifbarcelona.cat\/if2021\/#primaryimage"},"thumbnailUrl":"https:\/\/ifbarcelona.cat\/wp-content\/uploads\/2021\/10\/Festival-IF-Barcelona-2021-e1635707490143.jpg","articleSection":["General"],"inLanguage":"es"},{"@type":"WebPage","@id":"https:\/\/ifbarcelona.cat\/es\/if2021\/","url":"https:\/\/ifbarcelona.cat\/es\/if2021\/","name":"(CAT) COMEN\u00c7A IF BARCELONA 2021!  &#8211; IF Barcelona","isPartOf":{"@id":"https:\/\/ifbarcelona.cat\/es\/#website"},"primaryImageOfPage":{"@id":"https:\/\/ifbarcelona.cat\/es\/if2021\/#primaryimage"},"image":{"@id":"https:\/\/ifbarcelona.cat\/if2021\/#primaryimage"},"thumbnailUrl":"https:\/\/ifbarcelona.cat\/wp-content\/uploads\/2021\/10\/Festival-IF-Barcelona-2021-e1635707490143.jpg","datePublished":"2021-10-31T19:11:44+00:00","dateModified":"2021-11-02T17:03:56+00:00","author":{"@id":"https:\/\/ifbarcelona.cat\/#\/schema\/person\/ef04bbbb3bafec3b19f903fcce2fd837"},"breadcrumb":{"@id":"https:\/\/ifbarcelona.cat\/es\/if2021\/#breadcrumb"},"inLanguage":"es","potentialAction":[{"@type":"ReadAction","target":[["https:\/\/ifbarcelona.cat\/es\/if2021\/"]]}]},{"@type":"ImageObject","inLanguage":"es","@id":"https:\/\/ifbarcelona.cat\/es\/if2021\/#primaryimage","url":"https:\/\/ifbarcelona.cat\/wp-content\/uploads\/2021\/10\/Festival-IF-Barcelona-2021-e1635707490143.jpg","contentUrl":"https:\/\/ifbarcelona.cat\/wp-content\/uploads\/2021\/10\/Festival-IF-Barcelona-2021-e1635707490143.jpg","width":800,"height":1132,"caption":"Cartell Festival IF Barcelona 2021"},{"@type":"BreadcrumbList","@id":"https:\/\/ifbarcelona.cat\/es\/if2021\/#breadcrumb","itemListElement":[{"@type":"ListItem","position":1,"name":"Inici","item":"https:\/\/ifbarcelona.cat\/es\/"},{"@type":"ListItem","position":2,"name":"COMEN\u00c7A IF BARCELONA 2021!"}]},{"@type":"WebSite","@id":"https:\/\/ifbarcelona.cat\/es\/#website","url":"https:\/\/ifbarcelona.cat\/es\/","name":"IF Barcelona","description":"La mirada o el plaer de mirar (dramat\u00f9rgies de la imatge)","potentialAction":[{"@type":"SearchAction","target":{"@type":"EntryPoint","urlTemplate":"https:\/\/ifbarcelona.cat\/es\/?s={search_term_string}"},"query-input":{"@type":"PropertyValueSpecification","valueRequired":true,"valueName":"search_term_string"}}],"inLanguage":"es"},{"@type":"Person","@id":"https:\/\/ifbarcelona.cat\/#\/schema\/person\/ef04bbbb3bafec3b19f903fcce2fd837","name":"IF Barcelona","image":{"@type":"ImageObject","inLanguage":"es","@id":"https:\/\/secure.gravatar.com\/avatar\/aabcf4c8549f639ef9139e3d712ff7f27d272a1a9cbeb8e0587ac0925887e5b7?s=96&d=mm&r=g","url":"https:\/\/secure.gravatar.com\/avatar\/aabcf4c8549f639ef9139e3d712ff7f27d272a1a9cbeb8e0587ac0925887e5b7?s=96&d=mm&r=g","contentUrl":"https:\/\/secure.gravatar.com\/avatar\/aabcf4c8549f639ef9139e3d712ff7f27d272a1a9cbeb8e0587ac0925887e5b7?s=96&d=mm&r=g","caption":"IF Barcelona"}}]}},"_links":{"self":[{"href":"https:\/\/ifbarcelona.cat\/es\/wp-json\/wp\/v2\/posts\/1772","targetHints":{"allow":["GET"]}}],"collection":[{"href":"https:\/\/ifbarcelona.cat\/es\/wp-json\/wp\/v2\/posts"}],"about":[{"href":"https:\/\/ifbarcelona.cat\/es\/wp-json\/wp\/v2\/types\/post"}],"author":[{"embeddable":true,"href":"https:\/\/ifbarcelona.cat\/es\/wp-json\/wp\/v2\/users\/7"}],"replies":[{"embeddable":true,"href":"https:\/\/ifbarcelona.cat\/es\/wp-json\/wp\/v2\/comments?post=1772"}],"version-history":[{"count":6,"href":"https:\/\/ifbarcelona.cat\/es\/wp-json\/wp\/v2\/posts\/1772\/revisions"}],"predecessor-version":[{"id":1797,"href":"https:\/\/ifbarcelona.cat\/es\/wp-json\/wp\/v2\/posts\/1772\/revisions\/1797"}],"wp:featuredmedia":[{"embeddable":true,"href":"https:\/\/ifbarcelona.cat\/es\/wp-json\/wp\/v2\/media\/1773"}],"wp:attachment":[{"href":"https:\/\/ifbarcelona.cat\/es\/wp-json\/wp\/v2\/media?parent=1772"}],"wp:term":[{"taxonomy":"category","embeddable":true,"href":"https:\/\/ifbarcelona.cat\/es\/wp-json\/wp\/v2\/categories?post=1772"},{"taxonomy":"post_tag","embeddable":true,"href":"https:\/\/ifbarcelona.cat\/es\/wp-json\/wp\/v2\/tags?post=1772"}],"curies":[{"name":"wp","href":"https:\/\/api.w.org\/{rel}","templated":true}]}}